{"id":148084,"date":"2023-06-26T13:45:46","date_gmt":"2023-06-26T10:45:46","guid":{"rendered":"https:\/\/golossokal.com.ua\/?p=148084"},"modified":"2023-06-26T13:16:33","modified_gmt":"2023-06-26T10:16:33","slug":"u-tsentri-lvova-pidnialy-prapor-krymskykh-tatar","status":"publish","type":"post","link":"https:\/\/golossokal.com.ua\/en\/svjatkovi-podii\/u-tsentri-lvova-pidnialy-prapor-krymskykh-tatar.html","title":{"rendered":"The flag of the Crimean Tatars was raised in the center of Lviv"},"content":{"rendered":"<p><\/p>\n<h2>Today, Ukraine celebrates the Day of the Crimean Tatar flag. On this occasion, the flag of the Crimean Tatars was raised at the Flash Talk in front of the Lviv City Hall to support the indigenous people of Crimea and remind once again that Crimea is Ukraine.<\/h2>\n<p>We will remind you that the Day of the Crimean Tatar flag (Q\u0131r\u0131m ba\u011fr\u0131) is a day of honoring the national flag of the Crimean Tatars, the indigenous people of Crimea. It has been celebrated on June 26 since 2010. This happens not only in different cities of Ukraine, but also in other countries of the world.<\/p>\n<p>The Crimean Tatar flag is a blue cloth with a yellow coat of arms (tamga) in the upper left corner. The blue color is the traditional color of the Turkic peoples, it was used even on the flags of the Crimean Khanate. The coat of arms on the flag \u2014 tarak-tamga (coat-of-arms-crest) is the ancestral sign of the Girays, the ruling dynasty of the Crimean Khanate.<\/p>","protected":false},"excerpt":{"rendered":"<p>Today, Ukraine celebrates the Day of the Crimean Tatar flag. On this occasion, the flag of the Crimean Tatars was raised at the Flash Talk in front of the Lviv City Hall to support the indigenous people of Crimea and remind once again that Crimea is Ukraine. We will remind you that the Day of &hellip;<\/p>\n","protected":false},"author":1,"featured_media":148085,"comment_status":"closed","ping_status":"closed","sticky":false,"template":"","format":"standard","meta":{"footnotes":""},"categories":[17],"tags":[],"class_list":["post-148084","post","type-post","status-publish","format-standard","has-post-thumbnail","hentry","category-svjatkovi-podii"],"yoast_head":"<!-- This site is optimized with the Yoast SEO plugin v27.4 - https:\/\/yoast.com\/product\/yoast-seo-wordpress\/ -->\n<title>The flag of the Crimean Tatars was raised in the center of Lviv - Sokal Voice - news about Sokal, Sheptytskyi<\/title>\n<meta name=\"robots\" content=\"index, follow, max-snippet:-1, max-image-preview:large, max-video-preview:-1\" \/>\n<meta property=\"og:locale\" content=\"en_US\" \/>\n<meta property=\"og:type\" content=\"article\" \/>\n<meta property=\"og:title\" content=\"[:ua]\u0423 \u0446\u0435\u043d\u0442\u0440\u0456 \u041b\u044c\u0432\u043e\u0432\u0430 \u043f\u0456\u0434\u043d\u044f\u043b\u0438 \u043f\u0440\u0430\u043f\u043e\u0440 \u043a\u0440\u0438\u043c\u0441\u044c\u043a\u0438\u0445 \u0442\u0430\u0442\u0430\u0440[:en]The flag of the Crimean Tatars was raised in the center of Lviv[:] - Sokal Voice - news about Sokal, Sheptytskyi\" \/>\n<meta property=\"og:description\" content=\"Today, Ukraine celebrates the Day of the Crimean Tatar flag. On this occasion, the flag of the Crimean Tatars was raised at the Flash Talk in front of the Lviv City Hall to support the indigenous people of Crimea and remind once again that Crimea is Ukraine. We will remind you that the Day of &hellip;\" \/>\n<meta property=\"og:url\" content=\"https:\/\/golossokal.com.ua\/svjatkovi-podii\/u-tsentri-lvova-pidnialy-prapor-krymskykh-tatar.html\" \/>\n<meta property=\"og:site_name\" content=\"Sokal Voice - news about Sokal, Sheptytskyi\" \/>\n<meta property=\"article:publisher\" content=\"https:\/\/www.facebook.com\/golossokal\/\" \/>\n<meta property=\"article:published_time\" content=\"2023-06-26T10:45:46+00:00\" \/>\n<meta property=\"og:image\" content=\"https:\/\/golossokal.com.ua\/wp-content\/uploads\/2023\/06\/krymskyy-prapor.jpg\" \/>\n\t<meta property=\"og:image:width\" content=\"843\" \/>\n\t<meta property=\"og:image:height\" content=\"500\" \/>\n\t<meta property=\"og:image:type\" content=\"image\/jpeg\" \/>\n<meta name=\"author\" content=\"\u0410\u043d\u0434\u0440\u0456\u0439 \u0413\u0430\u0432\u0440\u0438\u043b\u044e\u043a\" \/>\n<meta name=\"twitter:card\" content=\"summary_large_image\" \/>\n<meta name=\"twitter:label1\" content=\"Written by\" \/>\n\t<meta name=\"twitter:data1\" content=\"\u0410\u043d\u0434\u0440\u0456\u0439 \u0413\u0430\u0432\u0440\u0438\u043b\u044e\u043a\" \/>\n\t<meta name=\"twitter:label2\" content=\"Est. reading time\" \/>\n\t<meta name=\"twitter:data2\" content=\"1 minute\" \/>\n<script type=\"application\/ld+json\" class=\"yoast-schema-graph\">{\"@context\":\"https:\\\/\\\/schema.org\",\"@graph\":[{\"@type\":\"Article\",\"@id\":\"https:\\\/\\\/golossokal.com.ua\\\/svjatkovi-podii\\\/u-tsentri-lvova-pidnialy-prapor-krymskykh-tatar.html#article\",\"isPartOf\":{\"@id\":\"https:\\\/\\\/golossokal.com.ua\\\/svjatkovi-podii\\\/u-tsentri-lvova-pidnialy-prapor-krymskykh-tatar.html\"},\"author\":{\"name\":\"\u0410\u043d\u0434\u0440\u0456\u0439 \u0413\u0430\u0432\u0440\u0438\u043b\u044e\u043a\",\"@id\":\"https:\\\/\\\/golossokal.com.ua\\\/#\\\/schema\\\/person\\\/ec404d080f11dd055122a85602ff776c\"},\"headline\":\"The flag of the Crimean Tatars was raised in the center of Lviv\",\"datePublished\":\"2023-06-26T10:45:46+00:00\",\"mainEntityOfPage\":{\"@id\":\"https:\\\/\\\/golossokal.com.ua\\\/svjatkovi-podii\\\/u-tsentri-lvova-pidnialy-prapor-krymskykh-tatar.html\"},\"wordCount\":305,\"publisher\":{\"@id\":\"https:\\\/\\\/golossokal.com.ua\\\/#organization\"},\"image\":{\"@id\":\"https:\\\/\\\/golossokal.com.ua\\\/svjatkovi-podii\\\/u-tsentri-lvova-pidnialy-prapor-krymskykh-tatar.html#primaryimage\"},\"thumbnailUrl\":\"https:\\\/\\\/golossokal.com.ua\\\/wp-content\\\/uploads\\\/2023\\\/06\\\/krymskyy-prapor.jpg\",\"articleSection\":[\"\u0421\u0432\u044f\u0442\u043a\u043e\u0432\u0456 \u043f\u043e\u0434\u0456\u0457\"],\"inLanguage\":\"en-US\"},{\"@type\":\"WebPage\",\"@id\":\"https:\\\/\\\/golossokal.com.ua\\\/svjatkovi-podii\\\/u-tsentri-lvova-pidnialy-prapor-krymskykh-tatar.html\",\"url\":\"https:\\\/\\\/golossokal.com.ua\\\/svjatkovi-podii\\\/u-tsentri-lvova-pidnialy-prapor-krymskykh-tatar.html\",\"name\":\"[:ua]\u0423 \u0446\u0435\u043d\u0442\u0440\u0456 \u041b\u044c\u0432\u043e\u0432\u0430 \u043f\u0456\u0434\u043d\u044f\u043b\u0438 \u043f\u0440\u0430\u043f\u043e\u0440 \u043a\u0440\u0438\u043c\u0441\u044c\u043a\u0438\u0445 \u0442\u0430\u0442\u0430\u0440[:en]The flag of the Crimean Tatars was raised in the center of Lviv[:] - Sokal Voice - news about Sokal, Sheptytskyi\",\"isPartOf\":{\"@id\":\"https:\\\/\\\/golossokal.com.ua\\\/#website\"},\"primaryImageOfPage\":{\"@id\":\"https:\\\/\\\/golossokal.com.ua\\\/svjatkovi-podii\\\/u-tsentri-lvova-pidnialy-prapor-krymskykh-tatar.html#primaryimage\"},\"image\":{\"@id\":\"https:\\\/\\\/golossokal.com.ua\\\/svjatkovi-podii\\\/u-tsentri-lvova-pidnialy-prapor-krymskykh-tatar.html#primaryimage\"},\"thumbnailUrl\":\"https:\\\/\\\/golossokal.com.ua\\\/wp-content\\\/uploads\\\/2023\\\/06\\\/krymskyy-prapor.jpg\",\"datePublished\":\"2023-06-26T10:45:46+00:00\",\"breadcrumb\":{\"@id\":\"https:\\\/\\\/golossokal.com.ua\\\/svjatkovi-podii\\\/u-tsentri-lvova-pidnialy-prapor-krymskykh-tatar.html#breadcrumb\"},\"inLanguage\":\"en-US\",\"potentialAction\":[{\"@type\":\"ReadAction\",\"target\":[\"https:\\\/\\\/golossokal.com.ua\\\/svjatkovi-podii\\\/u-tsentri-lvova-pidnialy-prapor-krymskykh-tatar.html\"]}]},{\"@type\":\"ImageObject\",\"inLanguage\":\"en-US\",\"@id\":\"https:\\\/\\\/golossokal.com.ua\\\/svjatkovi-podii\\\/u-tsentri-lvova-pidnialy-prapor-krymskykh-tatar.html#primaryimage\",\"url\":\"https:\\\/\\\/golossokal.com.ua\\\/wp-content\\\/uploads\\\/2023\\\/06\\\/krymskyy-prapor.jpg\",\"contentUrl\":\"https:\\\/\\\/golossokal.com.ua\\\/wp-content\\\/uploads\\\/2023\\\/06\\\/krymskyy-prapor.jpg\",\"width\":843,\"height\":500},{\"@type\":\"BreadcrumbList\",\"@id\":\"https:\\\/\\\/golossokal.com.ua\\\/svjatkovi-podii\\\/u-tsentri-lvova-pidnialy-prapor-krymskykh-tatar.html#breadcrumb\",\"itemListElement\":[{\"@type\":\"ListItem\",\"position\":1,\"name\":\"\u0413\u043e\u043b\u043e\u0432\u043d\u0430\",\"item\":\"https:\\\/\\\/golossokal.com.ua\\\/\"},{\"@type\":\"ListItem\",\"position\":2,\"name\":\"\u0423 \u0446\u0435\u043d\u0442\u0440\u0456 \u041b\u044c\u0432\u043e\u0432\u0430 \u043f\u0456\u0434\u043d\u044f\u043b\u0438 \u043f\u0440\u0430\u043f\u043e\u0440 \u043a\u0440\u0438\u043c\u0441\u044c\u043a\u0438\u0445 \u0442\u0430\u0442\u0430\u0440\"}]},{\"@type\":\"WebSite\",\"@id\":\"https:\\\/\\\/golossokal.com.ua\\\/#website\",\"url\":\"https:\\\/\\\/golossokal.com.ua\\\/\",\"name\":\"\u0413\u043e\u043b\u043e\u0441 \u0421\u043e\u043a\u0430\u043b\u044c\u0449\u0438\u043d\u0438 | Sokal Voice\",\"description\":\"News of Western Ukraine\",\"publisher\":{\"@id\":\"https:\\\/\\\/golossokal.com.ua\\\/#organization\"},\"potentialAction\":[{\"@type\":\"SearchAction\",\"target\":{\"@type\":\"EntryPoint\",\"urlTemplate\":\"https:\\\/\\\/golossokal.com.ua\\\/?s={search_term_string}\"},\"query-input\":{\"@type\":\"PropertyValueSpecification\",\"valueRequired\":true,\"valueName\":\"search_term_string\"}}],\"inLanguage\":\"en-US\"},{\"@type\":\"Organization\",\"@id\":\"https:\\\/\\\/golossokal.com.ua\\\/#organization\",\"name\":\"\u0413\u043e\u043b\u043e\u0441 \u0421\u043e\u043a\u0430\u043b\u044c\u0449\u0438\u043d\u0438 | Sokal Voice\",\"url\":\"https:\\\/\\\/golossokal.com.ua\\\/\",\"logo\":{\"@type\":\"ImageObject\",\"inLanguage\":\"en-US\",\"@id\":\"https:\\\/\\\/golossokal.com.ua\\\/#\\\/schema\\\/logo\\\/image\\\/\",\"url\":\"https:\\\/\\\/golossokal.com.ua\\\/wp-content\\\/uploads\\\/2025\\\/12\\\/logo-web.png\",\"contentUrl\":\"https:\\\/\\\/golossokal.com.ua\\\/wp-content\\\/uploads\\\/2025\\\/12\\\/logo-web.png\",\"width\":200,\"height\":80,\"caption\":\"\u0413\u043e\u043b\u043e\u0441 \u0421\u043e\u043a\u0430\u043b\u044c\u0449\u0438\u043d\u0438 | Sokal Voice\"},\"image\":{\"@id\":\"https:\\\/\\\/golossokal.com.ua\\\/#\\\/schema\\\/logo\\\/image\\\/\"},\"sameAs\":[\"https:\\\/\\\/www.facebook.com\\\/golossokal\\\/\",\"https:\\\/\\\/www.tiktok.com\\\/@golos.sokal\",\"https:\\\/\\\/t.me\\\/golososokal\",\"https:\\\/\\\/www.instagram.com\\\/sokalvoice\"]},{\"@type\":\"Person\",\"@id\":\"https:\\\/\\\/golossokal.com.ua\\\/#\\\/schema\\\/person\\\/ec404d080f11dd055122a85602ff776c\",\"name\":\"\u0410\u043d\u0434\u0440\u0456\u0439 \u0413\u0430\u0432\u0440\u0438\u043b\u044e\u043a\",\"url\":\"https:\\\/\\\/golossokal.com.ua\\\/en\\\/author\\\/mygolos\"}]}<\/script>\n<!-- \/ Yoast SEO plugin. -->","yoast_head_json":{"title":"[:ua]\u0423 \u0446\u0435\u043d\u0442\u0440\u0456 \u041b\u044c\u0432\u043e\u0432\u0430 \u043f\u0456\u0434\u043d\u044f\u043b\u0438 \u043f\u0440\u0430\u043f\u043e\u0440 \u043a\u0440\u0438\u043c\u0441\u044c\u043a\u0438\u0445 \u0442\u0430\u0442\u0430\u0440[:en]The flag of the Crimean Tatars was raised in the center of Lviv[:] - Sokal Voice - news about Sokal, Sheptytskyi","robots":{"index":"index","follow":"follow","max-snippet":"max-snippet:-1","max-image-preview":"max-image-preview:large","max-video-preview":"max-video-preview:-1"},"og_locale":"en_US","og_type":"article","og_title":"[:ua]\u0423 \u0446\u0435\u043d\u0442\u0440\u0456 \u041b\u044c\u0432\u043e\u0432\u0430 \u043f\u0456\u0434\u043d\u044f\u043b\u0438 \u043f\u0440\u0430\u043f\u043e\u0440 \u043a\u0440\u0438\u043c\u0441\u044c\u043a\u0438\u0445 \u0442\u0430\u0442\u0430\u0440[:en]The flag of the Crimean Tatars was raised in the center of Lviv[:] - Sokal Voice - news about Sokal, Sheptytskyi","og_description":"Today, Ukraine celebrates the Day of the Crimean Tatar flag. On this occasion, the flag of the Crimean Tatars was raised at the Flash Talk in front of the Lviv City Hall to support the indigenous people of Crimea and remind once again that Crimea is Ukraine. We will remind you that the Day of &hellip;","og_url":"https:\/\/golossokal.com.ua\/svjatkovi-podii\/u-tsentri-lvova-pidnialy-prapor-krymskykh-tatar.html","og_site_name":"Sokal Voice - news about Sokal, Sheptytskyi","article_publisher":"https:\/\/www.facebook.com\/golossokal\/","article_published_time":"2023-06-26T10:45:46+00:00","og_image":[{"width":843,"height":500,"url":"https:\/\/golossokal.com.ua\/wp-content\/uploads\/2023\/06\/krymskyy-prapor.jpg","type":"image\/jpeg"}],"author":"\u0410\u043d\u0434\u0440\u0456\u0439 \u0413\u0430\u0432\u0440\u0438\u043b\u044e\u043a","twitter_card":"summary_large_image","twitter_misc":{"Written by":"\u0410\u043d\u0434\u0440\u0456\u0439 \u0413\u0430\u0432\u0440\u0438\u043b\u044e\u043a","Est. reading time":"1 minute"},"schema":{"@context":"https:\/\/schema.org","@graph":[{"@type":"Article","@id":"https:\/\/golossokal.com.ua\/svjatkovi-podii\/u-tsentri-lvova-pidnialy-prapor-krymskykh-tatar.html#article","isPartOf":{"@id":"https:\/\/golossokal.com.ua\/svjatkovi-podii\/u-tsentri-lvova-pidnialy-prapor-krymskykh-tatar.html"},"author":{"name":"\u0410\u043d\u0434\u0440\u0456\u0439 \u0413\u0430\u0432\u0440\u0438\u043b\u044e\u043a","@id":"https:\/\/golossokal.com.ua\/#\/schema\/person\/ec404d080f11dd055122a85602ff776c"},"headline":"The flag of the Crimean Tatars was raised in the center of Lviv","datePublished":"2023-06-26T10:45:46+00:00","mainEntityOfPage":{"@id":"https:\/\/golossokal.com.ua\/svjatkovi-podii\/u-tsentri-lvova-pidnialy-prapor-krymskykh-tatar.html"},"wordCount":305,"publisher":{"@id":"https:\/\/golossokal.com.ua\/#organization"},"image":{"@id":"https:\/\/golossokal.com.ua\/svjatkovi-podii\/u-tsentri-lvova-pidnialy-prapor-krymskykh-tatar.html#primaryimage"},"thumbnailUrl":"https:\/\/golossokal.com.ua\/wp-content\/uploads\/2023\/06\/krymskyy-prapor.jpg","articleSection":["\u0421\u0432\u044f\u0442\u043a\u043e\u0432\u0456 \u043f\u043e\u0434\u0456\u0457"],"inLanguage":"en-US"},{"@type":"WebPage","@id":"https:\/\/golossokal.com.ua\/svjatkovi-podii\/u-tsentri-lvova-pidnialy-prapor-krymskykh-tatar.html","url":"https:\/\/golossokal.com.ua\/svjatkovi-podii\/u-tsentri-lvova-pidnialy-prapor-krymskykh-tatar.html","name":"[:ua]\u0423 \u0446\u0435\u043d\u0442\u0440\u0456 \u041b\u044c\u0432\u043e\u0432\u0430 \u043f\u0456\u0434\u043d\u044f\u043b\u0438 \u043f\u0440\u0430\u043f\u043e\u0440 \u043a\u0440\u0438\u043c\u0441\u044c\u043a\u0438\u0445 \u0442\u0430\u0442\u0430\u0440[:en]The flag of the Crimean Tatars was raised in the center of Lviv[:] - Sokal Voice - news about Sokal, Sheptytskyi","isPartOf":{"@id":"https:\/\/golossokal.com.ua\/#website"},"primaryImageOfPage":{"@id":"https:\/\/golossokal.com.ua\/svjatkovi-podii\/u-tsentri-lvova-pidnialy-prapor-krymskykh-tatar.html#primaryimage"},"image":{"@id":"https:\/\/golossokal.com.ua\/svjatkovi-podii\/u-tsentri-lvova-pidnialy-prapor-krymskykh-tatar.html#primaryimage"},"thumbnailUrl":"https:\/\/golossokal.com.ua\/wp-content\/uploads\/2023\/06\/krymskyy-prapor.jpg","datePublished":"2023-06-26T10:45:46+00:00","breadcrumb":{"@id":"https:\/\/golossokal.com.ua\/svjatkovi-podii\/u-tsentri-lvova-pidnialy-prapor-krymskykh-tatar.html#breadcrumb"},"inLanguage":"en-US","potentialAction":[{"@type":"ReadAction","target":["https:\/\/golossokal.com.ua\/svjatkovi-podii\/u-tsentri-lvova-pidnialy-prapor-krymskykh-tatar.html"]}]},{"@type":"ImageObject","inLanguage":"en-US","@id":"https:\/\/golossokal.com.ua\/svjatkovi-podii\/u-tsentri-lvova-pidnialy-prapor-krymskykh-tatar.html#primaryimage","url":"https:\/\/golossokal.com.ua\/wp-content\/uploads\/2023\/06\/krymskyy-prapor.jpg","contentUrl":"https:\/\/golossokal.com.ua\/wp-content\/uploads\/2023\/06\/krymskyy-prapor.jpg","width":843,"height":500},{"@type":"BreadcrumbList","@id":"https:\/\/golossokal.com.ua\/svjatkovi-podii\/u-tsentri-lvova-pidnialy-prapor-krymskykh-tatar.html#breadcrumb","itemListElement":[{"@type":"ListItem","position":1,"name":"\u0413\u043e\u043b\u043e\u0432\u043d\u0430","item":"https:\/\/golossokal.com.ua\/"},{"@type":"ListItem","position":2,"name":"\u0423 \u0446\u0435\u043d\u0442\u0440\u0456 \u041b\u044c\u0432\u043e\u0432\u0430 \u043f\u0456\u0434\u043d\u044f\u043b\u0438 \u043f\u0440\u0430\u043f\u043e\u0440 \u043a\u0440\u0438\u043c\u0441\u044c\u043a\u0438\u0445 \u0442\u0430\u0442\u0430\u0440"}]},{"@type":"WebSite","@id":"https:\/\/golossokal.com.ua\/#website","url":"https:\/\/golossokal.com.ua\/","name":"\u0413\u043e\u043b\u043e\u0441 \u0421\u043e\u043a\u0430\u043b\u044c\u0449\u0438\u043d\u0438 | Sokal Voice","description":"News of Western Ukraine","publisher":{"@id":"https:\/\/golossokal.com.ua\/#organization"},"potentialAction":[{"@type":"SearchAction","target":{"@type":"EntryPoint","urlTemplate":"https:\/\/golossokal.com.ua\/?s={search_term_string}"},"query-input":{"@type":"PropertyValueSpecification","valueRequired":true,"valueName":"search_term_string"}}],"inLanguage":"en-US"},{"@type":"Organization","@id":"https:\/\/golossokal.com.ua\/#organization","name":"\u0413\u043e\u043b\u043e\u0441 \u0421\u043e\u043a\u0430\u043b\u044c\u0449\u0438\u043d\u0438 | Sokal Voice","url":"https:\/\/golossokal.com.ua\/","logo":{"@type":"ImageObject","inLanguage":"en-US","@id":"https:\/\/golossokal.com.ua\/#\/schema\/logo\/image\/","url":"https:\/\/golossokal.com.ua\/wp-content\/uploads\/2025\/12\/logo-web.png","contentUrl":"https:\/\/golossokal.com.ua\/wp-content\/uploads\/2025\/12\/logo-web.png","width":200,"height":80,"caption":"\u0413\u043e\u043b\u043e\u0441 \u0421\u043e\u043a\u0430\u043b\u044c\u0449\u0438\u043d\u0438 | Sokal Voice"},"image":{"@id":"https:\/\/golossokal.com.ua\/#\/schema\/logo\/image\/"},"sameAs":["https:\/\/www.facebook.com\/golossokal\/","https:\/\/www.tiktok.com\/@golos.sokal","https:\/\/t.me\/golososokal","https:\/\/www.instagram.com\/sokalvoice"]},{"@type":"Person","@id":"https:\/\/golossokal.com.ua\/#\/schema\/person\/ec404d080f11dd055122a85602ff776c","name":"\u0410\u043d\u0434\u0440\u0456\u0439 \u0413\u0430\u0432\u0440\u0438\u043b\u044e\u043a","url":"https:\/\/golossokal.com.ua\/en\/author\/mygolos"}]}},"_links":{"self":[{"href":"https:\/\/golossokal.com.ua\/en\/wp-json\/wp\/v2\/posts\/148084","targetHints":{"allow":["GET"]}}],"collection":[{"href":"https:\/\/golossokal.com.ua\/en\/wp-json\/wp\/v2\/posts"}],"about":[{"href":"https:\/\/golossokal.com.ua\/en\/wp-json\/wp\/v2\/types\/post"}],"author":[{"embeddable":true,"href":"https:\/\/golossokal.com.ua\/en\/wp-json\/wp\/v2\/users\/1"}],"replies":[{"embeddable":true,"href":"https:\/\/golossokal.com.ua\/en\/wp-json\/wp\/v2\/comments?post=148084"}],"version-history":[{"count":0,"href":"https:\/\/golossokal.com.ua\/en\/wp-json\/wp\/v2\/posts\/148084\/revisions"}],"wp:featuredmedia":[{"embeddable":true,"href":"https:\/\/golossokal.com.ua\/en\/wp-json\/wp\/v2\/media\/148085"}],"wp:attachment":[{"href":"https:\/\/golossokal.com.ua\/en\/wp-json\/wp\/v2\/media?parent=148084"}],"wp:term":[{"taxonomy":"category","embeddable":true,"href":"https:\/\/golossokal.com.ua\/en\/wp-json\/wp\/v2\/categories?post=148084"},{"taxonomy":"post_tag","embeddable":true,"href":"https:\/\/golossokal.com.ua\/en\/wp-json\/wp\/v2\/tags?post=148084"}],"curies":[{"name":"wp","href":"https:\/\/api.w.org\/{rel}","templated":true}]}}