{"id":167611,"date":"2024-02-28T23:25:45","date_gmt":"2024-02-28T21:25:45","guid":{"rendered":"https:\/\/golossokal.com.ua\/?p=167611"},"modified":"2024-02-28T23:10:24","modified_gmt":"2024-02-28T21:10:24","slug":"na-sykhovi-zvedut-bahatokvartyrnyy-zhytlovyy-kompleks-z-ofisnym-tsentrom","status":"publish","type":"post","link":"https:\/\/golossokal.com.ua\/en\/pro-ekonomiku\/na-sykhovi-zvedut-bahatokvartyrnyy-zhytlovyy-kompleks-z-ofisnym-tsentrom.html","title":{"rendered":"In Sikhiv wird ein Wohnkomplex mit mehreren Wohnungen und einem B\u00fcrozentrum gebaut"},"content":{"rendered":"<p>In der Morozniy-Stra\u00dfe 14 in Lemberg ist der Bau eines Mehrfamilienhauses geplant. Hier sind integrierte \u00f6ffentliche R\u00e4ume, ein Kindergarten sowie ein 16-st\u00f6ckiges B\u00fcro- und Einzelhandelsgeb\u00e4ude und eine Tiefgarage vorgesehen.<\/p>\n<p>Laut dem Chefarchitekten von Lemberg, Anton Kolomeitsev, befindet sich der Standort, an dem der Neubau geplant ist, neben dem Sonata Hotel in Sykhov.<\/p>\n<p>\u201eGeplant ist der Bau von Wohngeb\u00e4uden mit Erdgeschoss f\u00fcr Gewerbezwecke. Es handelt sich um ein mittelgro\u00dfes Geb\u00e4ude mit B\u00fcroakzent an der Ecke \u2013 ein 16-st\u00f6ckiges B\u00fcrogeb\u00e4ude, das zum dominierenden Merkmal beim Betreten von Sykhiv von der Stra\u00dfe aus werden wird. Gr\u00fcn<\/p>\n<p>Der Komplex umfasst Geb\u00e4ude mit 6-8 Etagen. Auf der Vorderseite wird es 7 Stockwerke geben, wobei das 8. versenkt ist. Hier entsteht auch ein Kindergarten mit einer Fl\u00e4che von mehr als 200 Quadratmetern. \u201eIch m\u00f6chte den Bed\u00fcrfnissen der Bewohner gerecht werden, die in dem Geb\u00e4ude wohnen werden\u201c, sagte Anton Kolomeytsev.<\/p>\n<p>Das Projekt umfasst auch einen gro\u00dfen zweist\u00f6ckigen Parkplatz mit mehr Parkpl\u00e4tzen als Wohnungen. Auch Tiefgaragenstellpl\u00e4tze sind geplant.<\/p>\n<p>\u201eWir bestehen darauf, dass die Architektur verbessert wird und P\u00e4sse f\u00fcr die Gestaltung der Fassade vereinbart werden.\u201c Dar\u00fcber werden wir in der Verordnung \u00fcber die Gestaltung st\u00e4dtebaulicher Bedingungen und Beschr\u00e4nkungen schreiben\u201c, f\u00fcgte Anton Kolomeytsev hinzu.<\/p>","protected":false},"excerpt":{"rendered":"<p>In der Morozniy-Stra\u00dfe 14 in Lemberg ist der Bau eines Mehrfamilienhauses geplant. Hier sind integrierte \u00f6ffentliche R\u00e4ume, ein Kindergarten sowie ein 16-st\u00f6ckiges B\u00fcro- und Einzelhandelsgeb\u00e4ude und eine Tiefgarage vorgesehen. Laut dem Chefarchitekten von Lemberg, Anton Kolomeitsev, befindet sich der Standort, an dem der Neubau geplant ist, neben dem Sonata Hotel in Sykhov. \u201eGeplant ist der &hellip;<\/p>\n","protected":false},"author":1,"featured_media":167612,"comment_status":"closed","ping_status":"closed","sticky":false,"template":"","format":"standard","meta":{"footnotes":""},"categories":[43],"tags":[],"class_list":["post-167611","post","type-post","status-publish","format-standard","has-post-thumbnail","hentry","category-pro-ekonomiku"],"yoast_head":"<!-- This site is optimized with the Yoast SEO plugin v27.4 - https:\/\/yoast.com\/product\/yoast-seo-wordpress\/ -->\n<title>In Sikhiv wird ein Wohnkomplex mit mehreren Wohnungen und einem B\u00fcrozentrum gebaut - Sokal Voice - news about Sokal, Sheptytskyi<\/title>\n<meta name=\"robots\" content=\"index, follow, max-snippet:-1, max-image-preview:large, max-video-preview:-1\" \/>\n<meta property=\"og:locale\" content=\"en_US\" \/>\n<meta property=\"og:type\" content=\"article\" \/>\n<meta property=\"og:title\" content=\"[:ua]\u041d\u0430 \u0421\u0438\u0445\u043e\u0432\u0456 \u0437\u0432\u0435\u0434\u0443\u0442\u044c \u0431\u0430\u0433\u0430\u0442\u043e\u043a\u0432\u0430\u0440\u0442\u0438\u0440\u043d\u0438\u0439 \u0436\u0438\u0442\u043b\u043e\u0432\u0438\u0439 \u043a\u043e\u043c\u043f\u043b\u0435\u043a\u0441 \u0437 \u043e\u0444\u0456\u0441\u043d\u0438\u043c \u0446\u0435\u043d\u0442\u0440\u043e\u043c[:en]In Sikhiv wird ein Wohnkomplex mit mehreren Wohnungen und einem B\u00fcrozentrum gebaut[:] - Sokal Voice - news about Sokal, Sheptytskyi\" \/>\n<meta property=\"og:description\" content=\"In der Morozniy-Stra\u00dfe 14 in Lemberg ist der Bau eines Mehrfamilienhauses geplant. Hier sind integrierte \u00f6ffentliche R\u00e4ume, ein Kindergarten sowie ein 16-st\u00f6ckiges B\u00fcro- und Einzelhandelsgeb\u00e4ude und eine Tiefgarage vorgesehen. Laut dem Chefarchitekten von Lemberg, Anton Kolomeitsev, befindet sich der Standort, an dem der Neubau geplant ist, neben dem Sonata Hotel in Sykhov. \u201eGeplant ist der &hellip;\" \/>\n<meta property=\"og:url\" content=\"https:\/\/golossokal.com.ua\/pro-ekonomiku\/na-sykhovi-zvedut-bahatokvartyrnyy-zhytlovyy-kompleks-z-ofisnym-tsentrom.html\" \/>\n<meta property=\"og:site_name\" content=\"Sokal Voice - news about Sokal, Sheptytskyi\" \/>\n<meta property=\"article:publisher\" content=\"https:\/\/www.facebook.com\/golossokal\/\" \/>\n<meta property=\"article:published_time\" content=\"2024-02-28T21:25:45+00:00\" \/>\n<meta property=\"og:image\" content=\"https:\/\/golossokal.com.ua\/wp-content\/uploads\/2024\/02\/1-c6226dea.jpg\" \/>\n\t<meta property=\"og:image:width\" content=\"843\" \/>\n\t<meta property=\"og:image:height\" content=\"500\" \/>\n\t<meta property=\"og:image:type\" content=\"image\/jpeg\" \/>\n<meta name=\"author\" content=\"\u0410\u043d\u0434\u0440\u0456\u0439 \u0413\u0430\u0432\u0440\u0438\u043b\u044e\u043a\" \/>\n<meta name=\"twitter:card\" content=\"summary_large_image\" \/>\n<meta name=\"twitter:label1\" content=\"Written by\" \/>\n\t<meta name=\"twitter:data1\" content=\"\u0410\u043d\u0434\u0440\u0456\u0439 \u0413\u0430\u0432\u0440\u0438\u043b\u044e\u043a\" \/>\n\t<meta name=\"twitter:label2\" content=\"Est. reading time\" \/>\n\t<meta name=\"twitter:data2\" content=\"1 minute\" \/>\n<script type=\"application\/ld+json\" class=\"yoast-schema-graph\">{\"@context\":\"https:\\\/\\\/schema.org\",\"@graph\":[{\"@type\":\"Article\",\"@id\":\"https:\\\/\\\/golossokal.com.ua\\\/pro-ekonomiku\\\/na-sykhovi-zvedut-bahatokvartyrnyy-zhytlovyy-kompleks-z-ofisnym-tsentrom.html#article\",\"isPartOf\":{\"@id\":\"https:\\\/\\\/golossokal.com.ua\\\/pro-ekonomiku\\\/na-sykhovi-zvedut-bahatokvartyrnyy-zhytlovyy-kompleks-z-ofisnym-tsentrom.html\"},\"author\":{\"name\":\"\u0410\u043d\u0434\u0440\u0456\u0439 \u0413\u0430\u0432\u0440\u0438\u043b\u044e\u043a\",\"@id\":\"https:\\\/\\\/golossokal.com.ua\\\/#\\\/schema\\\/person\\\/ec404d080f11dd055122a85602ff776c\"},\"headline\":\"In Sikhiv wird ein Wohnkomplex mit mehreren Wohnungen und einem B\u00fcrozentrum gebaut\",\"datePublished\":\"2024-02-28T21:25:45+00:00\",\"mainEntityOfPage\":{\"@id\":\"https:\\\/\\\/golossokal.com.ua\\\/pro-ekonomiku\\\/na-sykhovi-zvedut-bahatokvartyrnyy-zhytlovyy-kompleks-z-ofisnym-tsentrom.html\"},\"wordCount\":404,\"publisher\":{\"@id\":\"https:\\\/\\\/golossokal.com.ua\\\/#organization\"},\"image\":{\"@id\":\"https:\\\/\\\/golossokal.com.ua\\\/pro-ekonomiku\\\/na-sykhovi-zvedut-bahatokvartyrnyy-zhytlovyy-kompleks-z-ofisnym-tsentrom.html#primaryimage\"},\"thumbnailUrl\":\"https:\\\/\\\/golossokal.com.ua\\\/wp-content\\\/uploads\\\/2024\\\/02\\\/1-c6226dea.jpg\",\"articleSection\":[\"Economy\"],\"inLanguage\":\"en-US\"},{\"@type\":\"WebPage\",\"@id\":\"https:\\\/\\\/golossokal.com.ua\\\/pro-ekonomiku\\\/na-sykhovi-zvedut-bahatokvartyrnyy-zhytlovyy-kompleks-z-ofisnym-tsentrom.html\",\"url\":\"https:\\\/\\\/golossokal.com.ua\\\/pro-ekonomiku\\\/na-sykhovi-zvedut-bahatokvartyrnyy-zhytlovyy-kompleks-z-ofisnym-tsentrom.html\",\"name\":\"[:ua]\u041d\u0430 \u0421\u0438\u0445\u043e\u0432\u0456 \u0437\u0432\u0435\u0434\u0443\u0442\u044c \u0431\u0430\u0433\u0430\u0442\u043e\u043a\u0432\u0430\u0440\u0442\u0438\u0440\u043d\u0438\u0439 \u0436\u0438\u0442\u043b\u043e\u0432\u0438\u0439 \u043a\u043e\u043c\u043f\u043b\u0435\u043a\u0441 \u0437 \u043e\u0444\u0456\u0441\u043d\u0438\u043c \u0446\u0435\u043d\u0442\u0440\u043e\u043c[:en]In Sikhiv wird ein Wohnkomplex mit mehreren Wohnungen und einem B\u00fcrozentrum gebaut[:] - Sokal Voice - news about Sokal, Sheptytskyi\",\"isPartOf\":{\"@id\":\"https:\\\/\\\/golossokal.com.ua\\\/#website\"},\"primaryImageOfPage\":{\"@id\":\"https:\\\/\\\/golossokal.com.ua\\\/pro-ekonomiku\\\/na-sykhovi-zvedut-bahatokvartyrnyy-zhytlovyy-kompleks-z-ofisnym-tsentrom.html#primaryimage\"},\"image\":{\"@id\":\"https:\\\/\\\/golossokal.com.ua\\\/pro-ekonomiku\\\/na-sykhovi-zvedut-bahatokvartyrnyy-zhytlovyy-kompleks-z-ofisnym-tsentrom.html#primaryimage\"},\"thumbnailUrl\":\"https:\\\/\\\/golossokal.com.ua\\\/wp-content\\\/uploads\\\/2024\\\/02\\\/1-c6226dea.jpg\",\"datePublished\":\"2024-02-28T21:25:45+00:00\",\"breadcrumb\":{\"@id\":\"https:\\\/\\\/golossokal.com.ua\\\/pro-ekonomiku\\\/na-sykhovi-zvedut-bahatokvartyrnyy-zhytlovyy-kompleks-z-ofisnym-tsentrom.html#breadcrumb\"},\"inLanguage\":\"en-US\",\"potentialAction\":[{\"@type\":\"ReadAction\",\"target\":[\"https:\\\/\\\/golossokal.com.ua\\\/pro-ekonomiku\\\/na-sykhovi-zvedut-bahatokvartyrnyy-zhytlovyy-kompleks-z-ofisnym-tsentrom.html\"]}]},{\"@type\":\"ImageObject\",\"inLanguage\":\"en-US\",\"@id\":\"https:\\\/\\\/golossokal.com.ua\\\/pro-ekonomiku\\\/na-sykhovi-zvedut-bahatokvartyrnyy-zhytlovyy-kompleks-z-ofisnym-tsentrom.html#primaryimage\",\"url\":\"https:\\\/\\\/golossokal.com.ua\\\/wp-content\\\/uploads\\\/2024\\\/02\\\/1-c6226dea.jpg\",\"contentUrl\":\"https:\\\/\\\/golossokal.com.ua\\\/wp-content\\\/uploads\\\/2024\\\/02\\\/1-c6226dea.jpg\",\"width\":843,\"height\":500},{\"@type\":\"BreadcrumbList\",\"@id\":\"https:\\\/\\\/golossokal.com.ua\\\/pro-ekonomiku\\\/na-sykhovi-zvedut-bahatokvartyrnyy-zhytlovyy-kompleks-z-ofisnym-tsentrom.html#breadcrumb\",\"itemListElement\":[{\"@type\":\"ListItem\",\"position\":1,\"name\":\"\u0413\u043e\u043b\u043e\u0432\u043d\u0430\",\"item\":\"https:\\\/\\\/golossokal.com.ua\\\/\"},{\"@type\":\"ListItem\",\"position\":2,\"name\":\"\u041d\u0430 \u0421\u0438\u0445\u043e\u0432\u0456 \u0437\u0432\u0435\u0434\u0443\u0442\u044c \u0431\u0430\u0433\u0430\u0442\u043e\u043a\u0432\u0430\u0440\u0442\u0438\u0440\u043d\u0438\u0439 \u0436\u0438\u0442\u043b\u043e\u0432\u0438\u0439 \u043a\u043e\u043c\u043f\u043b\u0435\u043a\u0441 \u0437 \u043e\u0444\u0456\u0441\u043d\u0438\u043c \u0446\u0435\u043d\u0442\u0440\u043e\u043c\"}]},{\"@type\":\"WebSite\",\"@id\":\"https:\\\/\\\/golossokal.com.ua\\\/#website\",\"url\":\"https:\\\/\\\/golossokal.com.ua\\\/\",\"name\":\"\u0413\u043e\u043b\u043e\u0441 \u0421\u043e\u043a\u0430\u043b\u044c\u0449\u0438\u043d\u0438 | Sokal Voice\",\"description\":\"News of Western Ukraine\",\"publisher\":{\"@id\":\"https:\\\/\\\/golossokal.com.ua\\\/#organization\"},\"potentialAction\":[{\"@type\":\"SearchAction\",\"target\":{\"@type\":\"EntryPoint\",\"urlTemplate\":\"https:\\\/\\\/golossokal.com.ua\\\/?s={search_term_string}\"},\"query-input\":{\"@type\":\"PropertyValueSpecification\",\"valueRequired\":true,\"valueName\":\"search_term_string\"}}],\"inLanguage\":\"en-US\"},{\"@type\":\"Organization\",\"@id\":\"https:\\\/\\\/golossokal.com.ua\\\/#organization\",\"name\":\"\u0413\u043e\u043b\u043e\u0441 \u0421\u043e\u043a\u0430\u043b\u044c\u0449\u0438\u043d\u0438 | Sokal Voice\",\"url\":\"https:\\\/\\\/golossokal.com.ua\\\/\",\"logo\":{\"@type\":\"ImageObject\",\"inLanguage\":\"en-US\",\"@id\":\"https:\\\/\\\/golossokal.com.ua\\\/#\\\/schema\\\/logo\\\/image\\\/\",\"url\":\"https:\\\/\\\/golossokal.com.ua\\\/wp-content\\\/uploads\\\/2025\\\/12\\\/logo-web.png\",\"contentUrl\":\"https:\\\/\\\/golossokal.com.ua\\\/wp-content\\\/uploads\\\/2025\\\/12\\\/logo-web.png\",\"width\":200,\"height\":80,\"caption\":\"\u0413\u043e\u043b\u043e\u0441 \u0421\u043e\u043a\u0430\u043b\u044c\u0449\u0438\u043d\u0438 | Sokal Voice\"},\"image\":{\"@id\":\"https:\\\/\\\/golossokal.com.ua\\\/#\\\/schema\\\/logo\\\/image\\\/\"},\"sameAs\":[\"https:\\\/\\\/www.facebook.com\\\/golossokal\\\/\",\"https:\\\/\\\/www.tiktok.com\\\/@golos.sokal\",\"https:\\\/\\\/t.me\\\/golososokal\",\"https:\\\/\\\/www.instagram.com\\\/sokalvoice\"]},{\"@type\":\"Person\",\"@id\":\"https:\\\/\\\/golossokal.com.ua\\\/#\\\/schema\\\/person\\\/ec404d080f11dd055122a85602ff776c\",\"name\":\"\u0410\u043d\u0434\u0440\u0456\u0439 \u0413\u0430\u0432\u0440\u0438\u043b\u044e\u043a\",\"url\":\"https:\\\/\\\/golossokal.com.ua\\\/en\\\/author\\\/mygolos\"}]}<\/script>\n<!-- \/ Yoast SEO plugin. -->","yoast_head_json":{"title":"[:ua]\u041d\u0430 \u0421\u0438\u0445\u043e\u0432\u0456 \u0437\u0432\u0435\u0434\u0443\u0442\u044c \u0431\u0430\u0433\u0430\u0442\u043e\u043a\u0432\u0430\u0440\u0442\u0438\u0440\u043d\u0438\u0439 \u0436\u0438\u0442\u043b\u043e\u0432\u0438\u0439 \u043a\u043e\u043c\u043f\u043b\u0435\u043a\u0441 \u0437 \u043e\u0444\u0456\u0441\u043d\u0438\u043c \u0446\u0435\u043d\u0442\u0440\u043e\u043c[:en]In Sikhiv wird ein Wohnkomplex mit mehreren Wohnungen und einem B\u00fcrozentrum gebaut[:] - Sokal Voice - news about Sokal, Sheptytskyi","robots":{"index":"index","follow":"follow","max-snippet":"max-snippet:-1","max-image-preview":"max-image-preview:large","max-video-preview":"max-video-preview:-1"},"og_locale":"en_US","og_type":"article","og_title":"[:ua]\u041d\u0430 \u0421\u0438\u0445\u043e\u0432\u0456 \u0437\u0432\u0435\u0434\u0443\u0442\u044c \u0431\u0430\u0433\u0430\u0442\u043e\u043a\u0432\u0430\u0440\u0442\u0438\u0440\u043d\u0438\u0439 \u0436\u0438\u0442\u043b\u043e\u0432\u0438\u0439 \u043a\u043e\u043c\u043f\u043b\u0435\u043a\u0441 \u0437 \u043e\u0444\u0456\u0441\u043d\u0438\u043c \u0446\u0435\u043d\u0442\u0440\u043e\u043c[:en]In Sikhiv wird ein Wohnkomplex mit mehreren Wohnungen und einem B\u00fcrozentrum gebaut[:] - Sokal Voice - news about Sokal, Sheptytskyi","og_description":"In der Morozniy-Stra\u00dfe 14 in Lemberg ist der Bau eines Mehrfamilienhauses geplant. Hier sind integrierte \u00f6ffentliche R\u00e4ume, ein Kindergarten sowie ein 16-st\u00f6ckiges B\u00fcro- und Einzelhandelsgeb\u00e4ude und eine Tiefgarage vorgesehen. Laut dem Chefarchitekten von Lemberg, Anton Kolomeitsev, befindet sich der Standort, an dem der Neubau geplant ist, neben dem Sonata Hotel in Sykhov. \u201eGeplant ist der &hellip;","og_url":"https:\/\/golossokal.com.ua\/pro-ekonomiku\/na-sykhovi-zvedut-bahatokvartyrnyy-zhytlovyy-kompleks-z-ofisnym-tsentrom.html","og_site_name":"Sokal Voice - news about Sokal, Sheptytskyi","article_publisher":"https:\/\/www.facebook.com\/golossokal\/","article_published_time":"2024-02-28T21:25:45+00:00","og_image":[{"width":843,"height":500,"url":"https:\/\/golossokal.com.ua\/wp-content\/uploads\/2024\/02\/1-c6226dea.jpg","type":"image\/jpeg"}],"author":"\u0410\u043d\u0434\u0440\u0456\u0439 \u0413\u0430\u0432\u0440\u0438\u043b\u044e\u043a","twitter_card":"summary_large_image","twitter_misc":{"Written by":"\u0410\u043d\u0434\u0440\u0456\u0439 \u0413\u0430\u0432\u0440\u0438\u043b\u044e\u043a","Est. reading time":"1 minute"},"schema":{"@context":"https:\/\/schema.org","@graph":[{"@type":"Article","@id":"https:\/\/golossokal.com.ua\/pro-ekonomiku\/na-sykhovi-zvedut-bahatokvartyrnyy-zhytlovyy-kompleks-z-ofisnym-tsentrom.html#article","isPartOf":{"@id":"https:\/\/golossokal.com.ua\/pro-ekonomiku\/na-sykhovi-zvedut-bahatokvartyrnyy-zhytlovyy-kompleks-z-ofisnym-tsentrom.html"},"author":{"name":"\u0410\u043d\u0434\u0440\u0456\u0439 \u0413\u0430\u0432\u0440\u0438\u043b\u044e\u043a","@id":"https:\/\/golossokal.com.ua\/#\/schema\/person\/ec404d080f11dd055122a85602ff776c"},"headline":"In Sikhiv wird ein Wohnkomplex mit mehreren Wohnungen und einem B\u00fcrozentrum gebaut","datePublished":"2024-02-28T21:25:45+00:00","mainEntityOfPage":{"@id":"https:\/\/golossokal.com.ua\/pro-ekonomiku\/na-sykhovi-zvedut-bahatokvartyrnyy-zhytlovyy-kompleks-z-ofisnym-tsentrom.html"},"wordCount":404,"publisher":{"@id":"https:\/\/golossokal.com.ua\/#organization"},"image":{"@id":"https:\/\/golossokal.com.ua\/pro-ekonomiku\/na-sykhovi-zvedut-bahatokvartyrnyy-zhytlovyy-kompleks-z-ofisnym-tsentrom.html#primaryimage"},"thumbnailUrl":"https:\/\/golossokal.com.ua\/wp-content\/uploads\/2024\/02\/1-c6226dea.jpg","articleSection":["Economy"],"inLanguage":"en-US"},{"@type":"WebPage","@id":"https:\/\/golossokal.com.ua\/pro-ekonomiku\/na-sykhovi-zvedut-bahatokvartyrnyy-zhytlovyy-kompleks-z-ofisnym-tsentrom.html","url":"https:\/\/golossokal.com.ua\/pro-ekonomiku\/na-sykhovi-zvedut-bahatokvartyrnyy-zhytlovyy-kompleks-z-ofisnym-tsentrom.html","name":"[:ua]\u041d\u0430 \u0421\u0438\u0445\u043e\u0432\u0456 \u0437\u0432\u0435\u0434\u0443\u0442\u044c \u0431\u0430\u0433\u0430\u0442\u043e\u043a\u0432\u0430\u0440\u0442\u0438\u0440\u043d\u0438\u0439 \u0436\u0438\u0442\u043b\u043e\u0432\u0438\u0439 \u043a\u043e\u043c\u043f\u043b\u0435\u043a\u0441 \u0437 \u043e\u0444\u0456\u0441\u043d\u0438\u043c \u0446\u0435\u043d\u0442\u0440\u043e\u043c[:en]In Sikhiv wird ein Wohnkomplex mit mehreren Wohnungen und einem B\u00fcrozentrum gebaut[:] - Sokal Voice - news about Sokal, Sheptytskyi","isPartOf":{"@id":"https:\/\/golossokal.com.ua\/#website"},"primaryImageOfPage":{"@id":"https:\/\/golossokal.com.ua\/pro-ekonomiku\/na-sykhovi-zvedut-bahatokvartyrnyy-zhytlovyy-kompleks-z-ofisnym-tsentrom.html#primaryimage"},"image":{"@id":"https:\/\/golossokal.com.ua\/pro-ekonomiku\/na-sykhovi-zvedut-bahatokvartyrnyy-zhytlovyy-kompleks-z-ofisnym-tsentrom.html#primaryimage"},"thumbnailUrl":"https:\/\/golossokal.com.ua\/wp-content\/uploads\/2024\/02\/1-c6226dea.jpg","datePublished":"2024-02-28T21:25:45+00:00","breadcrumb":{"@id":"https:\/\/golossokal.com.ua\/pro-ekonomiku\/na-sykhovi-zvedut-bahatokvartyrnyy-zhytlovyy-kompleks-z-ofisnym-tsentrom.html#breadcrumb"},"inLanguage":"en-US","potentialAction":[{"@type":"ReadAction","target":["https:\/\/golossokal.com.ua\/pro-ekonomiku\/na-sykhovi-zvedut-bahatokvartyrnyy-zhytlovyy-kompleks-z-ofisnym-tsentrom.html"]}]},{"@type":"ImageObject","inLanguage":"en-US","@id":"https:\/\/golossokal.com.ua\/pro-ekonomiku\/na-sykhovi-zvedut-bahatokvartyrnyy-zhytlovyy-kompleks-z-ofisnym-tsentrom.html#primaryimage","url":"https:\/\/golossokal.com.ua\/wp-content\/uploads\/2024\/02\/1-c6226dea.jpg","contentUrl":"https:\/\/golossokal.com.ua\/wp-content\/uploads\/2024\/02\/1-c6226dea.jpg","width":843,"height":500},{"@type":"BreadcrumbList","@id":"https:\/\/golossokal.com.ua\/pro-ekonomiku\/na-sykhovi-zvedut-bahatokvartyrnyy-zhytlovyy-kompleks-z-ofisnym-tsentrom.html#breadcrumb","itemListElement":[{"@type":"ListItem","position":1,"name":"\u0413\u043e\u043b\u043e\u0432\u043d\u0430","item":"https:\/\/golossokal.com.ua\/"},{"@type":"ListItem","position":2,"name":"\u041d\u0430 \u0421\u0438\u0445\u043e\u0432\u0456 \u0437\u0432\u0435\u0434\u0443\u0442\u044c \u0431\u0430\u0433\u0430\u0442\u043e\u043a\u0432\u0430\u0440\u0442\u0438\u0440\u043d\u0438\u0439 \u0436\u0438\u0442\u043b\u043e\u0432\u0438\u0439 \u043a\u043e\u043c\u043f\u043b\u0435\u043a\u0441 \u0437 \u043e\u0444\u0456\u0441\u043d\u0438\u043c \u0446\u0435\u043d\u0442\u0440\u043e\u043c"}]},{"@type":"WebSite","@id":"https:\/\/golossokal.com.ua\/#website","url":"https:\/\/golossokal.com.ua\/","name":"\u0413\u043e\u043b\u043e\u0441 \u0421\u043e\u043a\u0430\u043b\u044c\u0449\u0438\u043d\u0438 | Sokal Voice","description":"News of Western Ukraine","publisher":{"@id":"https:\/\/golossokal.com.ua\/#organization"},"potentialAction":[{"@type":"SearchAction","target":{"@type":"EntryPoint","urlTemplate":"https:\/\/golossokal.com.ua\/?s={search_term_string}"},"query-input":{"@type":"PropertyValueSpecification","valueRequired":true,"valueName":"search_term_string"}}],"inLanguage":"en-US"},{"@type":"Organization","@id":"https:\/\/golossokal.com.ua\/#organization","name":"\u0413\u043e\u043b\u043e\u0441 \u0421\u043e\u043a\u0430\u043b\u044c\u0449\u0438\u043d\u0438 | Sokal Voice","url":"https:\/\/golossokal.com.ua\/","logo":{"@type":"ImageObject","inLanguage":"en-US","@id":"https:\/\/golossokal.com.ua\/#\/schema\/logo\/image\/","url":"https:\/\/golossokal.com.ua\/wp-content\/uploads\/2025\/12\/logo-web.png","contentUrl":"https:\/\/golossokal.com.ua\/wp-content\/uploads\/2025\/12\/logo-web.png","width":200,"height":80,"caption":"\u0413\u043e\u043b\u043e\u0441 \u0421\u043e\u043a\u0430\u043b\u044c\u0449\u0438\u043d\u0438 | Sokal Voice"},"image":{"@id":"https:\/\/golossokal.com.ua\/#\/schema\/logo\/image\/"},"sameAs":["https:\/\/www.facebook.com\/golossokal\/","https:\/\/www.tiktok.com\/@golos.sokal","https:\/\/t.me\/golososokal","https:\/\/www.instagram.com\/sokalvoice"]},{"@type":"Person","@id":"https:\/\/golossokal.com.ua\/#\/schema\/person\/ec404d080f11dd055122a85602ff776c","name":"\u0410\u043d\u0434\u0440\u0456\u0439 \u0413\u0430\u0432\u0440\u0438\u043b\u044e\u043a","url":"https:\/\/golossokal.com.ua\/en\/author\/mygolos"}]}},"_links":{"self":[{"href":"https:\/\/golossokal.com.ua\/en\/wp-json\/wp\/v2\/posts\/167611","targetHints":{"allow":["GET"]}}],"collection":[{"href":"https:\/\/golossokal.com.ua\/en\/wp-json\/wp\/v2\/posts"}],"about":[{"href":"https:\/\/golossokal.com.ua\/en\/wp-json\/wp\/v2\/types\/post"}],"author":[{"embeddable":true,"href":"https:\/\/golossokal.com.ua\/en\/wp-json\/wp\/v2\/users\/1"}],"replies":[{"embeddable":true,"href":"https:\/\/golossokal.com.ua\/en\/wp-json\/wp\/v2\/comments?post=167611"}],"version-history":[{"count":0,"href":"https:\/\/golossokal.com.ua\/en\/wp-json\/wp\/v2\/posts\/167611\/revisions"}],"wp:featuredmedia":[{"embeddable":true,"href":"https:\/\/golossokal.com.ua\/en\/wp-json\/wp\/v2\/media\/167612"}],"wp:attachment":[{"href":"https:\/\/golossokal.com.ua\/en\/wp-json\/wp\/v2\/media?parent=167611"}],"wp:term":[{"taxonomy":"category","embeddable":true,"href":"https:\/\/golossokal.com.ua\/en\/wp-json\/wp\/v2\/categories?post=167611"},{"taxonomy":"post_tag","embeddable":true,"href":"https:\/\/golossokal.com.ua\/en\/wp-json\/wp\/v2\/tags?post=167611"}],"curies":[{"name":"wp","href":"https:\/\/api.w.org\/{rel}","templated":true}]}}